{"id":1458,"date":"2020-11-29T11:32:58","date_gmt":"2020-11-29T16:32:58","guid":{"rendered":"https:\/\/www.tourismecoaticook.ca\/articles\/?p=1458"},"modified":"2025-11-12T14:41:15","modified_gmt":"2025-11-12T19:41:15","slug":"marche-ferme-beaulieu-vitrine-pour-les-producteurs-dici","status":"publish","type":"post","link":"https:\/\/www.tourismecoaticook.ca\/articles\/marche-ferme-beaulieu-vitrine-pour-les-producteurs-dici\/","title":{"rendered":"March\u00e9 ferme Beaulieu : vitrine pour les producteurs d\u2019ici"},"content":{"rendered":"\n<figure class=\"wp-block-embed-youtube wp-block-embed is-type-video is-provider-youtube wp-embed-aspect-16-9 wp-has-aspect-ratio\"><div class=\"wp-block-embed__wrapper\">\n<iframe loading=\"lazy\" title=\"Portrait du March\u00e9 Ferme Beaulieu\" width=\"840\" height=\"473\" src=\"https:\/\/www.youtube.com\/embed\/Xj5pgJrTRvI?feature=oembed\" frameborder=\"0\" allow=\"accelerometer; autoplay; clipboard-write; encrypted-media; gyroscope; picture-in-picture\" allowfullscreen><\/iframe>\n<\/div><\/figure>\n\n\n\n<p>Situ\u00e9 \u00e0 l\u2019intersection de la 143 et la 147 le <a href=\"https:\/\/www.fermebeaulieu.com\/\">march\u00e9 ferme Beaulieu<\/a> est l\u2019endroit parfait pour acheter une panoplie de produits de la r\u00e9gion sans avoir \u00e0 faire trop de route.<\/p>\n\n\n\n<p>Directement en entrant, on sent une odeur de pain m\u00e9lang\u00e9 \u00e0 une odeur de sucre. Conseil d\u2019ami, il ne faut pas entrer l\u00e0 le ventre vide, car vous allez finir par acheter le magasin en entier (ce qui n\u2019est pas une mauvaise chose en soi).<\/p>\n\n\n\n<p>Le march\u00e9 ferme Beaulieu est une caverne d\u2019Ali Baba de produits r\u00e9gionaux et fait maison. Du pain frais fabriqu\u00e9 sur place fait avec la farine de la ferme <a href=\"https:\/\/fermedepromelles.com\/\">de pommelles<\/a>, des Viennoiseries, tartes, muffins et autres petits d\u00e9lices! L\u00e9gumes biologiques cultiv\u00e9s chez les <a href=\"https:\/\/www.vallonsmaraichers.com\/\">Vallons Mara\u00eechers<\/a>. Sans compter les nombreux produits des producteurs de la Vall\u00e9e&nbsp;: <a href=\"https:\/\/www.lesbobines.com\/\">pisciculture des Bobines<\/a>, <a href=\"https:\/\/fromagerielastation.com\/\">fromage de la Station<\/a>, <a href=\"https:\/\/www.mielpurdelice.com\/\">miel pur d\u00e9lice<\/a> et plus encore!<\/p>\n\n\n\n<p>Si vous cherchez de la bonne bouffe pour le temps des f\u00eates, leurs p\u00e2t\u00e9s et tartes sauront vous combler de bonheur.<\/p>\n\n\n\n<p>Ils sont ouverts \u00e0 longueur d\u2019ann\u00e9e except\u00e9 dans le mois de janvier o\u00f9 ils prennent une petite pause bien m\u00e9rit\u00e9e.<\/p>\n\n\n\n<p><strong>March\u00e9 ferme Beaulieu<\/strong><\/p>\n\n\n\n<p>3700 ROUTE 147<\/p>\n\n\n\n<p>Waterville, QC J0B3H0<\/p>\n","protected":false},"excerpt":{"rendered":"<p>Situ\u00e9 \u00e0 l\u2019intersection de la 143 et la 147 le march\u00e9 ferme Beaulieu est l\u2019endroit parfait pour acheter une panoplie de produits de la r\u00e9gion sans avoir \u00e0 faire trop de route. Directement en entrant, on sent une odeur de&#8230; <a href=\"https:\/\/www.tourismecoaticook.ca\/articles\/marche-ferme-beaulieu-vitrine-pour-les-producteurs-dici\/\">Lire la suite<\/a><\/p>\n","protected":false},"author":2,"featured_media":1463,"comment_status":"closed","ping_status":"open","sticky":false,"template":"","format":"standard","meta":{"footnotes":""},"categories":[49],"tags":[],"class_list":["post-1458","post","type-post","status-publish","format-standard","has-post-thumbnail","hentry","category-portrait-dentreprise"],"yoast_head":"<!-- This site is optimized with the Yoast SEO plugin v26.7 - https:\/\/yoast.com\/wordpress\/plugins\/seo\/ -->\n<title>March\u00e9 ferme Beaulieu : vitrine pour les producteurs d\u2019ici - Tourisme Coaticook<\/title>\n<meta name=\"description\" content=\"Situ\u00e9 \u00e0 l\u2019intersection de la 143 et la 147 le march\u00e9 ferme Beaulieu est l\u2019endroit parfait pour acheter une panoplie de produits de la r\u00e9gion sans avoir \u00e0 faire trop de route.\" \/>\n<meta name=\"robots\" content=\"index, follow, max-snippet:-1, max-image-preview:large, max-video-preview:-1\" \/>\n<link rel=\"canonical\" href=\"https:\/\/www.tourismecoaticook.ca\/articles\/marche-ferme-beaulieu-vitrine-pour-les-producteurs-dici\/\" \/>\n<meta property=\"og:locale\" content=\"fr_FR\" \/>\n<meta property=\"og:type\" content=\"article\" \/>\n<meta property=\"og:title\" content=\"March\u00e9 ferme Beaulieu : vitrine pour les producteurs d\u2019ici - Tourisme Coaticook\" \/>\n<meta property=\"og:description\" content=\"Situ\u00e9 \u00e0 l\u2019intersection de la 143 et la 147 le march\u00e9 ferme Beaulieu est l\u2019endroit parfait pour acheter une panoplie de produits de la r\u00e9gion sans avoir \u00e0 faire trop de route.\" \/>\n<meta property=\"og:url\" content=\"https:\/\/www.tourismecoaticook.ca\/articles\/marche-ferme-beaulieu-vitrine-pour-les-producteurs-dici\/\" \/>\n<meta property=\"og:site_name\" content=\"Tourisme Coaticook\" \/>\n<meta property=\"article:publisher\" content=\"https:\/\/www.facebook.com\/valleedelacoaticook\" \/>\n<meta property=\"article:published_time\" content=\"2020-11-29T16:32:58+00:00\" \/>\n<meta property=\"article:modified_time\" content=\"2025-11-12T19:41:15+00:00\" \/>\n<meta property=\"og:image\" content=\"https:\/\/www.tourismecoaticook.ca\/articles\/wp-content\/uploads\/2020\/10\/LIL7283.jpg\" \/>\n\t<meta property=\"og:image:width\" content=\"1000\" \/>\n\t<meta property=\"og:image:height\" content=\"666\" \/>\n\t<meta property=\"og:image:type\" content=\"image\/jpeg\" \/>\n<meta name=\"author\" content=\"admin_tc\" \/>\n<meta name=\"twitter:card\" content=\"summary_large_image\" \/>\n<meta name=\"twitter:creator\" content=\"@valleecoaticook\" \/>\n<meta name=\"twitter:site\" content=\"@valleecoaticook\" \/>\n<meta name=\"twitter:label1\" content=\"\u00c9crit par\" \/>\n\t<meta name=\"twitter:data1\" content=\"admin_tc\" \/>\n\t<meta name=\"twitter:label2\" content=\"Dur\u00e9e de lecture estim\u00e9e\" \/>\n\t<meta name=\"twitter:data2\" content=\"1 minute\" \/>\n<script type=\"application\/ld+json\" class=\"yoast-schema-graph\">{\"@context\":\"https:\/\/schema.org\",\"@graph\":[{\"@type\":\"Article\",\"@id\":\"https:\/\/www.tourismecoaticook.ca\/articles\/marche-ferme-beaulieu-vitrine-pour-les-producteurs-dici\/#article\",\"isPartOf\":{\"@id\":\"https:\/\/www.tourismecoaticook.ca\/articles\/marche-ferme-beaulieu-vitrine-pour-les-producteurs-dici\/\"},\"author\":{\"name\":\"admin_tc\",\"@id\":\"https:\/\/www.tourismecoaticook.ca\/articles\/#\/schema\/person\/044a067b0435f7808d7b05e62c575877\"},\"headline\":\"March\u00e9 ferme Beaulieu : vitrine pour les producteurs d\u2019ici\",\"datePublished\":\"2020-11-29T16:32:58+00:00\",\"dateModified\":\"2025-11-12T19:41:15+00:00\",\"mainEntityOfPage\":{\"@id\":\"https:\/\/www.tourismecoaticook.ca\/articles\/marche-ferme-beaulieu-vitrine-pour-les-producteurs-dici\/\"},\"wordCount\":225,\"image\":{\"@id\":\"https:\/\/www.tourismecoaticook.ca\/articles\/marche-ferme-beaulieu-vitrine-pour-les-producteurs-dici\/#primaryimage\"},\"thumbnailUrl\":\"https:\/\/www.tourismecoaticook.ca\/articles\/wp-content\/uploads\/2020\/10\/LIL7283.jpg\",\"articleSection\":[\"Portrait d'entreprise\"],\"inLanguage\":\"fr-FR\"},{\"@type\":\"WebPage\",\"@id\":\"https:\/\/www.tourismecoaticook.ca\/articles\/marche-ferme-beaulieu-vitrine-pour-les-producteurs-dici\/\",\"url\":\"https:\/\/www.tourismecoaticook.ca\/articles\/marche-ferme-beaulieu-vitrine-pour-les-producteurs-dici\/\",\"name\":\"March\u00e9 ferme Beaulieu : vitrine pour les producteurs d\u2019ici - Tourisme Coaticook\",\"isPartOf\":{\"@id\":\"https:\/\/www.tourismecoaticook.ca\/articles\/#website\"},\"primaryImageOfPage\":{\"@id\":\"https:\/\/www.tourismecoaticook.ca\/articles\/marche-ferme-beaulieu-vitrine-pour-les-producteurs-dici\/#primaryimage\"},\"image\":{\"@id\":\"https:\/\/www.tourismecoaticook.ca\/articles\/marche-ferme-beaulieu-vitrine-pour-les-producteurs-dici\/#primaryimage\"},\"thumbnailUrl\":\"https:\/\/www.tourismecoaticook.ca\/articles\/wp-content\/uploads\/2020\/10\/LIL7283.jpg\",\"datePublished\":\"2020-11-29T16:32:58+00:00\",\"dateModified\":\"2025-11-12T19:41:15+00:00\",\"author\":{\"@id\":\"https:\/\/www.tourismecoaticook.ca\/articles\/#\/schema\/person\/044a067b0435f7808d7b05e62c575877\"},\"description\":\"Situ\u00e9 \u00e0 l\u2019intersection de la 143 et la 147 le march\u00e9 ferme Beaulieu est l\u2019endroit parfait pour acheter une panoplie de produits de la r\u00e9gion sans avoir \u00e0 faire trop de route.\",\"breadcrumb\":{\"@id\":\"https:\/\/www.tourismecoaticook.ca\/articles\/marche-ferme-beaulieu-vitrine-pour-les-producteurs-dici\/#breadcrumb\"},\"inLanguage\":\"fr-FR\",\"potentialAction\":[{\"@type\":\"ReadAction\",\"target\":[\"https:\/\/www.tourismecoaticook.ca\/articles\/marche-ferme-beaulieu-vitrine-pour-les-producteurs-dici\/\"]}]},{\"@type\":\"ImageObject\",\"inLanguage\":\"fr-FR\",\"@id\":\"https:\/\/www.tourismecoaticook.ca\/articles\/marche-ferme-beaulieu-vitrine-pour-les-producteurs-dici\/#primaryimage\",\"url\":\"https:\/\/www.tourismecoaticook.ca\/articles\/wp-content\/uploads\/2020\/10\/LIL7283.jpg\",\"contentUrl\":\"https:\/\/www.tourismecoaticook.ca\/articles\/wp-content\/uploads\/2020\/10\/LIL7283.jpg\",\"width\":1000,\"height\":666},{\"@type\":\"BreadcrumbList\",\"@id\":\"https:\/\/www.tourismecoaticook.ca\/articles\/marche-ferme-beaulieu-vitrine-pour-les-producteurs-dici\/#breadcrumb\",\"itemListElement\":[{\"@type\":\"ListItem\",\"position\":1,\"name\":\"Accueil\",\"item\":\"https:\/\/www.tourismecoaticook.ca\/articles\/\"},{\"@type\":\"ListItem\",\"position\":2,\"name\":\"March\u00e9 ferme Beaulieu : vitrine pour les producteurs d\u2019ici\"}]},{\"@type\":\"WebSite\",\"@id\":\"https:\/\/www.tourismecoaticook.ca\/articles\/#website\",\"url\":\"https:\/\/www.tourismecoaticook.ca\/articles\/\",\"name\":\"Tourisme Coaticook\",\"description\":\"Articles de la r\u00e9gion de Coaticook\",\"potentialAction\":[{\"@type\":\"SearchAction\",\"target\":{\"@type\":\"EntryPoint\",\"urlTemplate\":\"https:\/\/www.tourismecoaticook.ca\/articles\/?s={search_term_string}\"},\"query-input\":{\"@type\":\"PropertyValueSpecification\",\"valueRequired\":true,\"valueName\":\"search_term_string\"}}],\"inLanguage\":\"fr-FR\"},{\"@type\":\"Person\",\"@id\":\"https:\/\/www.tourismecoaticook.ca\/articles\/#\/schema\/person\/044a067b0435f7808d7b05e62c575877\",\"name\":\"admin_tc\"}]}<\/script>\n<!-- \/ Yoast SEO plugin. -->","yoast_head_json":{"title":"March\u00e9 ferme Beaulieu : vitrine pour les producteurs d\u2019ici - Tourisme Coaticook","description":"Situ\u00e9 \u00e0 l\u2019intersection de la 143 et la 147 le march\u00e9 ferme Beaulieu est l\u2019endroit parfait pour acheter une panoplie de produits de la r\u00e9gion sans avoir \u00e0 faire trop de route.","robots":{"index":"index","follow":"follow","max-snippet":"max-snippet:-1","max-image-preview":"max-image-preview:large","max-video-preview":"max-video-preview:-1"},"canonical":"https:\/\/www.tourismecoaticook.ca\/articles\/marche-ferme-beaulieu-vitrine-pour-les-producteurs-dici\/","og_locale":"fr_FR","og_type":"article","og_title":"March\u00e9 ferme Beaulieu : vitrine pour les producteurs d\u2019ici - Tourisme Coaticook","og_description":"Situ\u00e9 \u00e0 l\u2019intersection de la 143 et la 147 le march\u00e9 ferme Beaulieu est l\u2019endroit parfait pour acheter une panoplie de produits de la r\u00e9gion sans avoir \u00e0 faire trop de route.","og_url":"https:\/\/www.tourismecoaticook.ca\/articles\/marche-ferme-beaulieu-vitrine-pour-les-producteurs-dici\/","og_site_name":"Tourisme Coaticook","article_publisher":"https:\/\/www.facebook.com\/valleedelacoaticook","article_published_time":"2020-11-29T16:32:58+00:00","article_modified_time":"2025-11-12T19:41:15+00:00","og_image":[{"width":1000,"height":666,"url":"https:\/\/www.tourismecoaticook.ca\/articles\/wp-content\/uploads\/2020\/10\/LIL7283.jpg","type":"image\/jpeg"}],"author":"admin_tc","twitter_card":"summary_large_image","twitter_creator":"@valleecoaticook","twitter_site":"@valleecoaticook","twitter_misc":{"\u00c9crit par":"admin_tc","Dur\u00e9e de lecture estim\u00e9e":"1 minute"},"schema":{"@context":"https:\/\/schema.org","@graph":[{"@type":"Article","@id":"https:\/\/www.tourismecoaticook.ca\/articles\/marche-ferme-beaulieu-vitrine-pour-les-producteurs-dici\/#article","isPartOf":{"@id":"https:\/\/www.tourismecoaticook.ca\/articles\/marche-ferme-beaulieu-vitrine-pour-les-producteurs-dici\/"},"author":{"name":"admin_tc","@id":"https:\/\/www.tourismecoaticook.ca\/articles\/#\/schema\/person\/044a067b0435f7808d7b05e62c575877"},"headline":"March\u00e9 ferme Beaulieu : vitrine pour les producteurs d\u2019ici","datePublished":"2020-11-29T16:32:58+00:00","dateModified":"2025-11-12T19:41:15+00:00","mainEntityOfPage":{"@id":"https:\/\/www.tourismecoaticook.ca\/articles\/marche-ferme-beaulieu-vitrine-pour-les-producteurs-dici\/"},"wordCount":225,"image":{"@id":"https:\/\/www.tourismecoaticook.ca\/articles\/marche-ferme-beaulieu-vitrine-pour-les-producteurs-dici\/#primaryimage"},"thumbnailUrl":"https:\/\/www.tourismecoaticook.ca\/articles\/wp-content\/uploads\/2020\/10\/LIL7283.jpg","articleSection":["Portrait d'entreprise"],"inLanguage":"fr-FR"},{"@type":"WebPage","@id":"https:\/\/www.tourismecoaticook.ca\/articles\/marche-ferme-beaulieu-vitrine-pour-les-producteurs-dici\/","url":"https:\/\/www.tourismecoaticook.ca\/articles\/marche-ferme-beaulieu-vitrine-pour-les-producteurs-dici\/","name":"March\u00e9 ferme Beaulieu : vitrine pour les producteurs d\u2019ici - Tourisme Coaticook","isPartOf":{"@id":"https:\/\/www.tourismecoaticook.ca\/articles\/#website"},"primaryImageOfPage":{"@id":"https:\/\/www.tourismecoaticook.ca\/articles\/marche-ferme-beaulieu-vitrine-pour-les-producteurs-dici\/#primaryimage"},"image":{"@id":"https:\/\/www.tourismecoaticook.ca\/articles\/marche-ferme-beaulieu-vitrine-pour-les-producteurs-dici\/#primaryimage"},"thumbnailUrl":"https:\/\/www.tourismecoaticook.ca\/articles\/wp-content\/uploads\/2020\/10\/LIL7283.jpg","datePublished":"2020-11-29T16:32:58+00:00","dateModified":"2025-11-12T19:41:15+00:00","author":{"@id":"https:\/\/www.tourismecoaticook.ca\/articles\/#\/schema\/person\/044a067b0435f7808d7b05e62c575877"},"description":"Situ\u00e9 \u00e0 l\u2019intersection de la 143 et la 147 le march\u00e9 ferme Beaulieu est l\u2019endroit parfait pour acheter une panoplie de produits de la r\u00e9gion sans avoir \u00e0 faire trop de route.","breadcrumb":{"@id":"https:\/\/www.tourismecoaticook.ca\/articles\/marche-ferme-beaulieu-vitrine-pour-les-producteurs-dici\/#breadcrumb"},"inLanguage":"fr-FR","potentialAction":[{"@type":"ReadAction","target":["https:\/\/www.tourismecoaticook.ca\/articles\/marche-ferme-beaulieu-vitrine-pour-les-producteurs-dici\/"]}]},{"@type":"ImageObject","inLanguage":"fr-FR","@id":"https:\/\/www.tourismecoaticook.ca\/articles\/marche-ferme-beaulieu-vitrine-pour-les-producteurs-dici\/#primaryimage","url":"https:\/\/www.tourismecoaticook.ca\/articles\/wp-content\/uploads\/2020\/10\/LIL7283.jpg","contentUrl":"https:\/\/www.tourismecoaticook.ca\/articles\/wp-content\/uploads\/2020\/10\/LIL7283.jpg","width":1000,"height":666},{"@type":"BreadcrumbList","@id":"https:\/\/www.tourismecoaticook.ca\/articles\/marche-ferme-beaulieu-vitrine-pour-les-producteurs-dici\/#breadcrumb","itemListElement":[{"@type":"ListItem","position":1,"name":"Accueil","item":"https:\/\/www.tourismecoaticook.ca\/articles\/"},{"@type":"ListItem","position":2,"name":"March\u00e9 ferme Beaulieu : vitrine pour les producteurs d\u2019ici"}]},{"@type":"WebSite","@id":"https:\/\/www.tourismecoaticook.ca\/articles\/#website","url":"https:\/\/www.tourismecoaticook.ca\/articles\/","name":"Tourisme Coaticook","description":"Articles de la r\u00e9gion de Coaticook","potentialAction":[{"@type":"SearchAction","target":{"@type":"EntryPoint","urlTemplate":"https:\/\/www.tourismecoaticook.ca\/articles\/?s={search_term_string}"},"query-input":{"@type":"PropertyValueSpecification","valueRequired":true,"valueName":"search_term_string"}}],"inLanguage":"fr-FR"},{"@type":"Person","@id":"https:\/\/www.tourismecoaticook.ca\/articles\/#\/schema\/person\/044a067b0435f7808d7b05e62c575877","name":"admin_tc"}]}},"_links":{"self":[{"href":"https:\/\/www.tourismecoaticook.ca\/articles\/wp-json\/wp\/v2\/posts\/1458","targetHints":{"allow":["GET"]}}],"collection":[{"href":"https:\/\/www.tourismecoaticook.ca\/articles\/wp-json\/wp\/v2\/posts"}],"about":[{"href":"https:\/\/www.tourismecoaticook.ca\/articles\/wp-json\/wp\/v2\/types\/post"}],"author":[{"embeddable":true,"href":"https:\/\/www.tourismecoaticook.ca\/articles\/wp-json\/wp\/v2\/users\/2"}],"replies":[{"embeddable":true,"href":"https:\/\/www.tourismecoaticook.ca\/articles\/wp-json\/wp\/v2\/comments?post=1458"}],"version-history":[{"count":1,"href":"https:\/\/www.tourismecoaticook.ca\/articles\/wp-json\/wp\/v2\/posts\/1458\/revisions"}],"predecessor-version":[{"id":1459,"href":"https:\/\/www.tourismecoaticook.ca\/articles\/wp-json\/wp\/v2\/posts\/1458\/revisions\/1459"}],"wp:featuredmedia":[{"embeddable":true,"href":"https:\/\/www.tourismecoaticook.ca\/articles\/wp-json\/wp\/v2\/media\/1463"}],"wp:attachment":[{"href":"https:\/\/www.tourismecoaticook.ca\/articles\/wp-json\/wp\/v2\/media?parent=1458"}],"wp:term":[{"taxonomy":"category","embeddable":true,"href":"https:\/\/www.tourismecoaticook.ca\/articles\/wp-json\/wp\/v2\/categories?post=1458"},{"taxonomy":"post_tag","embeddable":true,"href":"https:\/\/www.tourismecoaticook.ca\/articles\/wp-json\/wp\/v2\/tags?post=1458"}],"curies":[{"name":"wp","href":"https:\/\/api.w.org\/{rel}","templated":true}]}}